{"id":26478,"date":"2025-06-23T08:30:40","date_gmt":"2025-06-23T06:30:40","guid":{"rendered":"https:\/\/firetruckshow.pl\/?p=26478"},"modified":"2025-06-23T17:29:47","modified_gmt":"2025-06-23T15:29:47","slug":"przedstawiamy-ramowy-plan-xv-fire-truck-show","status":"publish","type":"post","link":"https:\/\/firetruckshow.pl\/index.php\/2025\/06\/23\/przedstawiamy-ramowy-plan-xv-fire-truck-show\/","title":{"rendered":"Przedstawiamy ramowy plan XV Fire Truck Show"},"content":{"rendered":"\n<p><strong>04.07.2025 PI\u0104TEK<\/strong><\/p>\n\n\n\n<p>21.00  Disco zabawa z prezenterami Radia Park oraz zespo\u0142em Bravo05.07.2025 SOBOTA &#8211; dzie\u0144 stra\u017cacki<\/p>\n\n\n\n<p><strong>05.07.2025 SOBOTA &#8211; dzie\u0144 stra\u017cacki<\/strong><\/p>\n\n\n\n<p>12:00  Zbi\u00f3rka uczestnik\u00f3w zlotu<\/p>\n\n\n\n<p>13:00  Msza \u015aw. w intencji stra\u017cak\u00f3w i ich rodzin<\/p>\n\n\n\n<p>14:00  Po\u015bwi\u0119cenie samochod\u00f3w i korow\u00f3d<\/p>\n\n\n\n<p>15:00  W namiocie g\u0142\u00f3wnym powitanie go\u015bci i wyst\u0119py artystyczne<\/p>\n\n\n\n<p>&nbsp;&nbsp;&nbsp; &#8211;&nbsp;&nbsp;&nbsp; Koncert orkiestry d\u0119tej z Szemrowic<\/p>\n\n\n\n<p>&nbsp;&nbsp;&nbsp; &#8211;&nbsp;&nbsp;&nbsp; Wyst\u0119p ma\u017coretek Fantazja<\/p>\n\n\n\n<p>&nbsp;&nbsp;&nbsp; &#8211;&nbsp;&nbsp;&nbsp; Gry i zabawy dla uczestnik\u00f3w zlotu<\/p>\n\n\n\n<p>17:00  Pokaz ma\u0142ych stra\u017cak\u00f3w OSP G\u0142\u00f3wczyce i OSP Wierusz\u00f3w (plac wystawowy)<\/p>\n\n\n\n<p>18:30  Wybory miss i mistera zlotu&nbsp;<\/p>\n\n\n\n<p>19:00  Fire Truck Show\u2019er czyli wielki prysznic<\/p>\n\n\n\n<p>19:30  Gala wr\u0119czenia nagr\u00f3d<\/p>\n\n\n\n<p>21:00  Zabawa taneczna z zespo\u0142ami SunRise i Logo<\/p>\n\n\n\n<p>22:00  Koncert zespo\u0142u \u201eKORDIAN\u201d<\/p>\n\n\n\n<p>23:00  Ci\u0105g dalszy zabawy z zespo\u0142ami<\/p>\n\n\n\n<p>Imprez\u0119 poprowadzi Joachim Goczo\u0142 \u201eAFI\u201d<\/p>\n\n\n\n<p><strong>06.07.2024 NIEDZIELA \u2013 dzie\u0144 rodzinny, obchody 730-lecia G\u0142\u00f3wczyc i Zwozu<\/strong><\/p>\n\n\n\n<p>12:00  Msza \u015aw. Z okazji 730-lecia G\u0142\u00f3wczyc i Zwozu , w intencji mieszka\u0144c\u00f3w<\/p>\n\n\n\n<p>13:00  Powitanie go\u015bci i odczytanie historii wsi Zw\u00f3z i G\u0142\u00f3wczyce<\/p>\n\n\n\n<p>14:30  Gry i zabawy dla dzieci z grup\u0105 Skelaton<\/p>\n\n\n\n<p>16:00  Biesiada \u015bl\u0105ska z zespo\u0142ami:<\/p>\n\n\n\n<p>&nbsp;&nbsp; &nbsp;&#8211; &nbsp;&nbsp;Duet Karo<\/p>\n\n\n\n<p>&nbsp;&nbsp; &nbsp;&#8211; &nbsp;&nbsp;Krzysztof Pietrek<\/p>\n\n\n\n<p>&nbsp;&nbsp; &nbsp;&#8211; &nbsp;&nbsp;Dominika i Janusz \u017by\u0142ka<\/p>\n\n\n\n<p>20:00  Licytacja<\/p>\n\n\n\n<p>20:30  Losowanie nagr\u00f3d g\u0142\u00f3wnych<\/p>\n\n\n\n<p>21:00  Disco zabawa, DJ Bonex \u00a0DJ Ricardo <\/p>\n\n\n\n<p>Imprez\u0119 poprowadz\u0105 Marek Malarz i Adam Stiborski<\/p>\n","protected":false},"excerpt":{"rendered":"<p>04.07.2025 PI\u0104TEK 21.00 Disco zabawa z prezenterami Radia Park oraz zespo\u0142em Bravo05.07.2025 SOBOTA &#8211; dzie\u0144 stra\u017cacki 05.07.2025 SOBOTA &#8211; dzie\u0144 stra\u017cacki 12:00 Zbi\u00f3rka uczestnik\u00f3w zlotu 13:00 Msza \u015aw. w intencji stra\u017cak\u00f3w i ich rodzin 14:00 Po\u015bwi\u0119cenie samochod\u00f3w i korow\u00f3d 15:00 W namiocie g\u0142\u00f3wnym powitanie go\u015bci i wyst\u0119py artystyczne &nbsp;&nbsp;&nbsp; &#8211;&nbsp;&nbsp;&nbsp; &hellip;<\/p>\n","protected":false},"author":1,"featured_media":0,"comment_status":"closed","ping_status":"closed","sticky":false,"template":"","format":"standard","meta":{"ngg_post_thumbnail":0,"footnotes":""},"categories":[1],"tags":[],"_links":{"self":[{"href":"https:\/\/firetruckshow.pl\/index.php\/wp-json\/wp\/v2\/posts\/26478"}],"collection":[{"href":"https:\/\/firetruckshow.pl\/index.php\/wp-json\/wp\/v2\/posts"}],"about":[{"href":"https:\/\/firetruckshow.pl\/index.php\/wp-json\/wp\/v2\/types\/post"}],"author":[{"embeddable":true,"href":"https:\/\/firetruckshow.pl\/index.php\/wp-json\/wp\/v2\/users\/1"}],"replies":[{"embeddable":true,"href":"https:\/\/firetruckshow.pl\/index.php\/wp-json\/wp\/v2\/comments?post=26478"}],"version-history":[{"count":4,"href":"https:\/\/firetruckshow.pl\/index.php\/wp-json\/wp\/v2\/posts\/26478\/revisions"}],"predecessor-version":[{"id":26483,"href":"https:\/\/firetruckshow.pl\/index.php\/wp-json\/wp\/v2\/posts\/26478\/revisions\/26483"}],"wp:attachment":[{"href":"https:\/\/firetruckshow.pl\/index.php\/wp-json\/wp\/v2\/media?parent=26478"}],"wp:term":[{"taxonomy":"category","embeddable":true,"href":"https:\/\/firetruckshow.pl\/index.php\/wp-json\/wp\/v2\/categories?post=26478"},{"taxonomy":"post_tag","embeddable":true,"href":"https:\/\/firetruckshow.pl\/index.php\/wp-json\/wp\/v2\/tags?post=26478"}],"curies":[{"name":"wp","href":"https:\/\/api.w.org\/{rel}","templated":true}]}}